{"id":11441,"date":"2024-04-29T14:00:42","date_gmt":"2024-04-29T14:00:42","guid":{"rendered":"https:\/\/cxblog.com\/?p=11441"},"modified":"2024-04-29T14:04:01","modified_gmt":"2024-04-29T14:04:01","slug":"nuestra-razon-de-ser","status":"publish","type":"post","link":"https:\/\/cxblog.com\/es\/nuestra-razon-de-ser\/","title":{"rendered":"Nuestra raz\u00f3n de ser"},"content":{"rendered":"\n<p>En los tiempos que vivimos donde la tecnolog\u00eda parece el principal foco de las conversaciones, habiendo tomado un relevante protagonismo la IA generativa y todas sus aplicaciones, no debemos abandonar la raz\u00f3n de la existencia de nuestro sector, el cliente y su necesidad de relaci\u00f3n con las marcas.&nbsp;<\/p>\n\n\n\n<p>Siempre que aparece una nueva tecnolog\u00eda corremos el riesgo de no ponerla a disposici\u00f3n del cliente, anteponiendo la necesidad de la empresa a la necesidad del cliente. Huelga decir que esto es un error, y m\u00e1s si lo hacemos con prisas y urgencias impulsadas por el empuje y calado cada vez m\u00e1s r\u00e1pidos de los avances m\u00e1s democratizados en cada aparici\u00f3n. Para explicar la velocidad comentada, permitidme que os comparta un gr\u00e1fico que combina el Hyper Cycle de Gartner y el Ciclo de adopci\u00f3n de la innovaci\u00f3n.&nbsp;<\/p>\n\n\n\n<p>Integraci\u00f3n adopci\u00f3n de la tecnolog\u00eda y estado en el \u00e1mbito del Contact.\u00a0<\/p>\n\n\n\n<figure class=\"wp-block-image size-full is-resized\"><img fetchpriority=\"high\" decoding=\"async\" width=\"602\" height=\"223\" src=\"https:\/\/cxblog.com\/wp-content\/uploads\/2024\/04\/image.png\" alt=\"\" class=\"wp-image-11443\" style=\"width:602px;height:auto\" srcset=\"https:\/\/cxblog.com\/wp-content\/uploads\/2024\/04\/image.png 602w, https:\/\/cxblog.com\/wp-content\/uploads\/2024\/04\/image-300x111.png 300w, https:\/\/cxblog.com\/wp-content\/uploads\/2024\/04\/image-600x223.png 600w\" sizes=\"(max-width: 602px) 100vw, 602px\" \/><figcaption class=\"wp-element-caption\">Elaboraci\u00f3n GW &#8211; <a href=\"mailto:juanjo@somosgwspain.com\" target=\"_blank\" rel=\"noreferrer noopener\">Juanjo Fern\u00e1ndez<\/a>\u00a0<\/figcaption><\/figure>\n\n\n\n<p>El LLM se ha colado en nuestras vidas y empresas con una velocidad superior a anteriores tecnolog\u00edas.&nbsp;<\/p>\n\n\n\n<p>El gr\u00e1fico es de elaboraci\u00f3n propia as\u00ed que siempre es discutible.&nbsp;<\/p>\n\n\n\n<p>Volvamos a nuestra raz\u00f3n de ser, esa que vertebra una actividad en la que se torna vital entender qu\u00e9 sucede y por qu\u00e9 sucede mucho antes de dedicarnos a forrar nuestras paredes con proyectos de transformaci\u00f3n, eficiencia y otros menesteres que la tecnolog\u00eda nos permite.&nbsp;<\/p>\n\n\n\n<p>En la definici\u00f3n de los escenarios futuros, no podemos perder de vista sobre qui\u00e9n estamos actuando, y aqu\u00ed debemos recordar que tenemos clientes externos e internos, que los servicios de relaci\u00f3n al cliente suelen ser como la generaci\u00f3n \u201cs\u00e1ndwich\u201d donde vivimos entre ambas capas.&nbsp;<\/p>\n\n\n\n<p>Somos la esencia, la que conecta a ambos mundos, a las empresas y sus \u00e1reas y a los clientes y sus demandas, y no podemos ser meros ejecutores, sino que siempre debemos ir un pas\u00f3 m\u00e1s all\u00e1 para, con la informaci\u00f3n obtenida, proponer escenarios ideales para ambos extremos. \u00bfPero cu\u00e1l es nuestro prop\u00f3sito?, \u00bfcu\u00e1l es la raz\u00f3n de nuestra existencia?.&nbsp;<\/p>\n\n\n\n<p>Y es aqu\u00ed donde debemos siempre pensar en para qui\u00e9n trabajamos, para qui\u00e9n debemos pensar; para nuestros clientes que los tenemos dentro y fuera de casa.&nbsp;<\/p>\n\n\n\n<blockquote class=\"wp-block-quote is-layout-flow wp-block-quote-is-layout-flow\">\n<p>Seguimos en un escenario en el que conviven 5 generaciones distintas, con distintas capacidades \u201cdigitales\u201d con distintas necesidades y sobre todo con diversos valores y diferentes modos de comunicaci\u00f3n tanto en forma como en tiempo.&nbsp;<\/p>\n<\/blockquote>\n\n\n\n<p>Dentro de estas generaciones, adem\u00e1s, no todos los clientes son \u201caliados\u201d de nuestra marca, no todos cuentan con la misma vinculaci\u00f3n, no todos aportan el mismo valor.&nbsp;<\/p>\n\n\n\n<p>Y adem\u00e1s, dentro de este universo de personas, no todos cuentan con el mismo rol. Es evidente que la empresa y el particular no es lo mismo, pero tampoco lo es el cliente de un banco o el de una aseguradora, una telco o una empresa del sector turismo\u2026&nbsp;<\/p>\n\n\n\n<p>Y si no lo hemos hecho, es por aqu\u00ed por donde debemos empezar a conocer. Debemos preguntarnos Para qui\u00e9n, para qu\u00e9 y por qu\u00e9, como nuestro modelo de entendimiento 3P3C dicta. (Para qui\u00e9n, para qu\u00e9, por qu\u00e9, cu\u00e1nto, c\u00f3mo y con qu\u00e9).&nbsp;<\/p>\n\n\n\n<p>En la definici\u00f3n de prop\u00f3sito, adem\u00e1s de conocer el nuestro, debemos entender el que nuestro cliente tiene para nuestro servicio. <\/p>\n\n\n\n<blockquote class=\"wp-block-quote is-layout-flow wp-block-quote-is-layout-flow\">\n<p>Entender la demanda de nuestros clientes, es una informaci\u00f3n que nos la dar\u00e1 el Para qu\u00e9, sino el Porqu\u00e9. <\/p>\n<\/blockquote>\n\n\n\n<p>Y es un \u00e1mbito nada f\u00e1cil de entender; conocer la motivaci\u00f3n que provoca que un cliente me contacte, si es la costumbre, si es debido a que no pongo informaci\u00f3n u otros canales a su disposici\u00f3n, si es por la necesidad de inmediatez, \u2026 y para entender estas razones no tenemos m\u00e1s formas de saberlo que escuchando al cliente, preguntando si podemos, pero, sobre todo, escuchando.\u00a0<\/p>\n\n\n\n<p>Y ahora, gracias a la tecnolog\u00eda y su evoluci\u00f3n, podemos escucharlos a todos, sea el canal que sea. Entender qu\u00e9 origina que aparezcan en la puerta de nuestros canales con una demanda de informaci\u00f3n, de gesti\u00f3n o, lo que es peor, de reclamaci\u00f3n o seguimiento de contactos anteriores.&nbsp;<\/p>\n\n\n\n<p>Si nos quedamos s\u00f3lo en el Para qu\u00e9, estamos sesgando este aspecto. Un Para qu\u00e9 depende de qui\u00e9n lo haya estructurado; bien para obtener informaci\u00f3n relativa a negocio o bien para que sea un disparador de procesos, de un \u00e1mbito m\u00e1s operativo.&nbsp;<\/p>\n\n\n\n<p>No obstante, una <strong>buena estructura<\/strong> del Para qu\u00e9, y sobre todo enfocado a dar respuesta al Customer Journey Map, nos facilita una visi\u00f3n de en qu\u00e9 puntos de nuestro viaje se produce la mayor demanda.&nbsp;&nbsp;<\/p>\n\n\n\n<p>Estas tipolog\u00edas o tipificaciones, bien elaboradas, nos permitir\u00e1n entre otras cuestiones, adem\u00e1s de con un an\u00e1lisis de datos cuantificar, entender tambi\u00e9n las tareas o fases de cada una de ellas, los tiempos que dedicamos, qui\u00e9n lo hace, c\u00f3mo lo hacemos y en qu\u00e9 estamos fallando.&nbsp;<\/p>\n\n\n\n<blockquote class=\"wp-block-quote is-layout-flow wp-block-quote-is-layout-flow\">\n<p>Entrando en el Cu\u00e1nto, es aqu\u00ed donde podemos tener uno de los <strong>principales focos de mejora<\/strong>, ya que la <strong>informaci\u00f3n estructurada, consolidada<\/strong> y, sobre todo, <strong>trabajada<\/strong> es un elemento de cohesi\u00f3n y conocimiento. <\/p>\n<\/blockquote>\n\n\n\n<p>Explotar esta informaci\u00f3n, y convertirla en datos articulables, suele ser un reto.\u00a0<\/p>\n\n\n\n<p>Y dejamos para el final, el C\u00f3mo y Con qu\u00e9, porque despu\u00e9s de los clientes vienen los procesos y la tecnolog\u00eda.&nbsp;&nbsp;<\/p>\n\n\n\n<p>El C\u00f3mo y el Con qu\u00e9 cada vez van m\u00e1s de la mano, y a veces con poco margen de maniobra y muy mediatizados por los modelos poco flexibles establecidos por los grandes sistemas CRM con los que convivimos. Pero a\u00fan as\u00ed, el C\u00f3mo y su literatura es una referencia de <strong>salud de servicio<\/strong>. Procesos sencillos, homog\u00e9neos, enfocados a la resoluci\u00f3n nos dar\u00e1n el sobresaliente.&nbsp;<\/p>\n\n\n\n<p>Como conclusi\u00f3n o resumen, no nos debemos dejar llevar por la Ola de la moda o la tecnolog\u00eda o la obligatoriedad de. Antes de eso, siempre hay muchos deberes que hacer en base a este Assess y conocer nuestro prop\u00f3sito.&nbsp;<\/p>\n\n\n\n<blockquote class=\"wp-block-quote is-layout-flow wp-block-quote-is-layout-flow\">\n<p>No s\u00f3lo se trata de conocer al cliente, sino tambi\u00e9n \u201cescucharle\u201d.&nbsp;<\/p>\n<\/blockquote>\n","protected":false},"excerpt":{"rendered":"<p>En los tiempos que vivimos donde la tecnolog\u00eda parece el principal foco de las conversaciones, habiendo tomado un relevante protagonismo la IA generativa y todas sus aplicaciones, no debemos abandonar la raz\u00f3n de la existencia de nuestro sector, el cliente y su necesidad de relaci\u00f3n con las marcas.&nbsp; Siempre que aparece una nueva tecnolog\u00eda corremos [&hellip;]<\/p>\n","protected":false},"author":214,"featured_media":11446,"comment_status":"open","ping_status":"open","sticky":false,"template":"","format":"standard","meta":{"_acf_changed":false,"ocean_post_layout":"","ocean_both_sidebars_style":"","ocean_both_sidebars_content_width":0,"ocean_both_sidebars_sidebars_width":0,"ocean_sidebar":"","ocean_second_sidebar":"","ocean_disable_margins":"enable","ocean_add_body_class":"","ocean_shortcode_before_top_bar":"","ocean_shortcode_after_top_bar":"","ocean_shortcode_before_header":"","ocean_shortcode_after_header":"","ocean_has_shortcode":"","ocean_shortcode_after_title":"","ocean_shortcode_before_footer_widgets":"","ocean_shortcode_after_footer_widgets":"","ocean_shortcode_before_footer_bottom":"","ocean_shortcode_after_footer_bottom":"","ocean_display_top_bar":"default","ocean_display_header":"default","ocean_header_style":"","ocean_center_header_left_menu":"","ocean_custom_header_template":"","ocean_custom_logo":0,"ocean_custom_retina_logo":0,"ocean_custom_logo_max_width":0,"ocean_custom_logo_tablet_max_width":0,"ocean_custom_logo_mobile_max_width":0,"ocean_custom_logo_max_height":0,"ocean_custom_logo_tablet_max_height":0,"ocean_custom_logo_mobile_max_height":0,"ocean_header_custom_menu":"","ocean_menu_typo_font_family":"","ocean_menu_typo_font_subset":"","ocean_menu_typo_font_size":0,"ocean_menu_typo_font_size_tablet":0,"ocean_menu_typo_font_size_mobile":0,"ocean_menu_typo_font_size_unit":"px","ocean_menu_typo_font_weight":"","ocean_menu_typo_font_weight_tablet":"","ocean_menu_typo_font_weight_mobile":"","ocean_menu_typo_transform":"","ocean_menu_typo_transform_tablet":"","ocean_menu_typo_transform_mobile":"","ocean_menu_typo_line_height":0,"ocean_menu_typo_line_height_tablet":0,"ocean_menu_typo_line_height_mobile":0,"ocean_menu_typo_line_height_unit":"","ocean_menu_typo_spacing":0,"ocean_menu_typo_spacing_tablet":0,"ocean_menu_typo_spacing_mobile":0,"ocean_menu_typo_spacing_unit":"","ocean_menu_link_color":"","ocean_menu_link_color_hover":"","ocean_menu_link_color_active":"","ocean_menu_link_background":"","ocean_menu_link_hover_background":"","ocean_menu_link_active_background":"","ocean_menu_social_links_bg":"","ocean_menu_social_hover_links_bg":"","ocean_menu_social_links_color":"","ocean_menu_social_hover_links_color":"","ocean_disable_title":"default","ocean_disable_heading":"default","ocean_post_title":"","ocean_post_subheading":"","ocean_post_title_style":"","ocean_post_title_background_color":"","ocean_post_title_background":0,"ocean_post_title_bg_image_position":"","ocean_post_title_bg_image_attachment":"","ocean_post_title_bg_image_repeat":"","ocean_post_title_bg_image_size":"","ocean_post_title_height":0,"ocean_post_title_bg_overlay":0.5,"ocean_post_title_bg_overlay_color":"","ocean_disable_breadcrumbs":"default","ocean_breadcrumbs_color":"","ocean_breadcrumbs_separator_color":"","ocean_breadcrumbs_links_color":"","ocean_breadcrumbs_links_hover_color":"","ocean_display_footer_widgets":"default","ocean_display_footer_bottom":"default","ocean_custom_footer_template":"","ocean_post_oembed":"","ocean_post_self_hosted_media":"","ocean_post_video_embed":"","ocean_link_format":"","ocean_link_format_target":"self","ocean_quote_format":"","ocean_quote_format_link":"post","ocean_gallery_link_images":"on","ocean_gallery_id":[],"footnotes":""},"categories":[80,588],"tags":[],"class_list":["post-11441","post","type-post","status-publish","format-standard","has-post-thumbnail","hentry","category-business-es","category-juanjo-fernandez","entry","has-media"],"acf":[],"yoast_head":"<!-- This site is optimized with the Yoast SEO Premium plugin v19.4 (Yoast SEO v26.7) - https:\/\/yoast.com\/wordpress\/plugins\/seo\/ -->\n<title>Nuestra raz\u00f3n de ser | CXBlog<\/title>\n<meta name=\"robots\" content=\"index, follow, max-snippet:-1, max-image-preview:large, max-video-preview:-1\" \/>\n<link rel=\"canonical\" href=\"https:\/\/cxblog.com\/es\/nuestra-razon-de-ser\/\" \/>\n<meta property=\"og:locale\" content=\"es_ES\" \/>\n<meta property=\"og:type\" content=\"article\" \/>\n<meta property=\"og:title\" content=\"Nuestra raz\u00f3n de ser\" \/>\n<meta property=\"og:description\" content=\"En los tiempos que vivimos donde la tecnolog\u00eda parece el principal foco de las conversaciones, habiendo tomado un relevante protagonismo la IA generativa y todas sus aplicaciones, no debemos abandonar la raz\u00f3n de la existencia de nuestro sector, el cliente y su necesidad de relaci\u00f3n con las marcas.&nbsp; Siempre que aparece una nueva tecnolog\u00eda corremos [&hellip;]\" \/>\n<meta property=\"og:url\" content=\"https:\/\/cxblog.com\/es\/nuestra-razon-de-ser\/\" \/>\n<meta property=\"og:site_name\" content=\"CXBlog\" \/>\n<meta property=\"article:published_time\" content=\"2024-04-29T14:00:42+00:00\" \/>\n<meta property=\"article:modified_time\" content=\"2024-04-29T14:04:01+00:00\" \/>\n<meta property=\"og:image\" content=\"https:\/\/cxblog.com\/wp-content\/uploads\/2024\/04\/Nuestra-0Drazon-de-ser-LK-FB.png\" \/>\n\t<meta property=\"og:image:width\" content=\"1200\" \/>\n\t<meta property=\"og:image:height\" content=\"630\" \/>\n\t<meta property=\"og:image:type\" content=\"image\/png\" \/>\n<meta name=\"author\" content=\"Juanjo Fern\u00e1ndez\" \/>\n<meta name=\"twitter:card\" content=\"summary_large_image\" \/>\n<meta name=\"twitter:image\" content=\"https:\/\/cxblog.com\/wp-content\/uploads\/2024\/04\/Nuestra-0Drazon-de-ser-Twitter.png\" \/>\n<meta name=\"twitter:label1\" content=\"Escrito por\" \/>\n\t<meta name=\"twitter:data1\" content=\"Juanjo Fern\u00e1ndez\" \/>\n\t<meta name=\"twitter:label2\" content=\"Tiempo de lectura\" \/>\n\t<meta name=\"twitter:data2\" content=\"5 minutos\" \/>\n<script type=\"application\/ld+json\" class=\"yoast-schema-graph\">{\"@context\":\"https:\/\/schema.org\",\"@graph\":[{\"@type\":\"Article\",\"@id\":\"https:\/\/cxblog.com\/es\/nuestra-razon-de-ser\/#article\",\"isPartOf\":{\"@id\":\"https:\/\/cxblog.com\/es\/nuestra-razon-de-ser\/\"},\"author\":{\"name\":\"Juanjo Fern\u00e1ndez\",\"@id\":\"https:\/\/cxblog.com\/es\/#\/schema\/person\/946014954093be15abe27cef21c8e991\"},\"headline\":\"Nuestra raz\u00f3n de ser\",\"datePublished\":\"2024-04-29T14:00:42+00:00\",\"dateModified\":\"2024-04-29T14:04:01+00:00\",\"mainEntityOfPage\":{\"@id\":\"https:\/\/cxblog.com\/es\/nuestra-razon-de-ser\/\"},\"wordCount\":1081,\"commentCount\":0,\"publisher\":{\"@id\":\"https:\/\/cxblog.com\/es\/#organization\"},\"image\":{\"@id\":\"https:\/\/cxblog.com\/es\/nuestra-razon-de-ser\/#primaryimage\"},\"thumbnailUrl\":\"https:\/\/cxblog.com\/wp-content\/uploads\/2024\/04\/people-working-in-a-call-center-2024-03-25-23-33-29-utc-scaled.jpg\",\"articleSection\":[\"Business\",\"Juanjo Fern\u00e1ndez\"],\"inLanguage\":\"es\",\"potentialAction\":[{\"@type\":\"CommentAction\",\"name\":\"Comment\",\"target\":[\"https:\/\/cxblog.com\/es\/nuestra-razon-de-ser\/#respond\"]}]},{\"@type\":\"WebPage\",\"@id\":\"https:\/\/cxblog.com\/es\/nuestra-razon-de-ser\/\",\"url\":\"https:\/\/cxblog.com\/es\/nuestra-razon-de-ser\/\",\"name\":\"Nuestra raz\u00f3n de ser | CXBlog\",\"isPartOf\":{\"@id\":\"https:\/\/cxblog.com\/es\/#website\"},\"primaryImageOfPage\":{\"@id\":\"https:\/\/cxblog.com\/es\/nuestra-razon-de-ser\/#primaryimage\"},\"image\":{\"@id\":\"https:\/\/cxblog.com\/es\/nuestra-razon-de-ser\/#primaryimage\"},\"thumbnailUrl\":\"https:\/\/cxblog.com\/wp-content\/uploads\/2024\/04\/people-working-in-a-call-center-2024-03-25-23-33-29-utc-scaled.jpg\",\"datePublished\":\"2024-04-29T14:00:42+00:00\",\"dateModified\":\"2024-04-29T14:04:01+00:00\",\"breadcrumb\":{\"@id\":\"https:\/\/cxblog.com\/es\/nuestra-razon-de-ser\/#breadcrumb\"},\"inLanguage\":\"es\",\"potentialAction\":[{\"@type\":\"ReadAction\",\"target\":[\"https:\/\/cxblog.com\/es\/nuestra-razon-de-ser\/\"]}]},{\"@type\":\"ImageObject\",\"inLanguage\":\"es\",\"@id\":\"https:\/\/cxblog.com\/es\/nuestra-razon-de-ser\/#primaryimage\",\"url\":\"https:\/\/cxblog.com\/wp-content\/uploads\/2024\/04\/people-working-in-a-call-center-2024-03-25-23-33-29-utc-scaled.jpg\",\"contentUrl\":\"https:\/\/cxblog.com\/wp-content\/uploads\/2024\/04\/people-working-in-a-call-center-2024-03-25-23-33-29-utc-scaled.jpg\",\"width\":2560,\"height\":1707,\"caption\":\"Team of successful call center employees with headsets sitting with laptops at the table and answering calls, providing assistance and support to customers in a modern office.\"},{\"@type\":\"BreadcrumbList\",\"@id\":\"https:\/\/cxblog.com\/es\/nuestra-razon-de-ser\/#breadcrumb\",\"itemListElement\":[{\"@type\":\"ListItem\",\"position\":1,\"name\":\"Home\",\"item\":\"https:\/\/cxblog.com\/es\/\"},{\"@type\":\"ListItem\",\"position\":2,\"name\":\"Nuestra raz\u00f3n de ser\"}]},{\"@type\":\"WebSite\",\"@id\":\"https:\/\/cxblog.com\/es\/#website\",\"url\":\"https:\/\/cxblog.com\/es\/\",\"name\":\"CXBlog\",\"description\":\"\",\"publisher\":{\"@id\":\"https:\/\/cxblog.com\/es\/#organization\"},\"potentialAction\":[{\"@type\":\"SearchAction\",\"target\":{\"@type\":\"EntryPoint\",\"urlTemplate\":\"https:\/\/cxblog.com\/es\/?s={search_term_string}\"},\"query-input\":{\"@type\":\"PropertyValueSpecification\",\"valueRequired\":true,\"valueName\":\"search_term_string\"}}],\"inLanguage\":\"es\"},{\"@type\":\"Organization\",\"@id\":\"https:\/\/cxblog.com\/es\/#organization\",\"name\":\"CX Blog\",\"url\":\"https:\/\/cxblog.com\/es\/\",\"logo\":{\"@type\":\"ImageObject\",\"inLanguage\":\"es\",\"@id\":\"https:\/\/cxblog.com\/es\/#\/schema\/logo\/image\/\",\"url\":\"https:\/\/cxblog.com\/wp-content\/uploads\/2022\/01\/Logo-CXBlog-1.png\",\"contentUrl\":\"https:\/\/cxblog.com\/wp-content\/uploads\/2022\/01\/Logo-CXBlog-1.png\",\"width\":201,\"height\":66,\"caption\":\"CX Blog\"},\"image\":{\"@id\":\"https:\/\/cxblog.com\/es\/#\/schema\/logo\/image\/\"}},{\"@type\":\"Person\",\"@id\":\"https:\/\/cxblog.com\/es\/#\/schema\/person\/946014954093be15abe27cef21c8e991\",\"name\":\"Juanjo Fern\u00e1ndez\",\"image\":{\"@type\":\"ImageObject\",\"inLanguage\":\"es\",\"@id\":\"https:\/\/cxblog.com\/es\/#\/schema\/person\/image\/\",\"url\":\"https:\/\/cxblog.com\/wp-content\/uploads\/2023\/11\/Juanjo-Fernandez-96x96.jpeg\",\"contentUrl\":\"https:\/\/cxblog.com\/wp-content\/uploads\/2023\/11\/Juanjo-Fernandez-96x96.jpeg\",\"caption\":\"Juanjo Fern\u00e1ndez\"},\"description\":\"Desde hace 3 a\u00f1os, Juanjo ha comenzado a dise\u00f1ar su propio camino, convirti\u00e9ndose en emprendedor y consultor especializado en la transformaci\u00f3n empresarial y la relaci\u00f3n con el cliente. La dilatada experiencia en el sector de la Customer Experience, habiendo trabajado en algunas de las principales empresas del sector de Contact Center en \u00e1reas como operaciones, ventas, transformaci\u00f3n y marketing, le permiten, a trav\u00e9s de GW, la ejecuci\u00f3n de proyectos pr\u00e1cticos y con impacto para simplificar y facilitar la gesti\u00f3n del cambio. Juanjo, alterna esta actividad con una de sus pasiones, la formaci\u00f3n \/ tutorizaci\u00f3n en diversos programas en el \u00e1mbito transformaci\u00f3n digital y administraci\u00f3n de empresas.\",\"sameAs\":[\"https:\/\/www.linkedin.com\/in\/juanjo-fernandez-garcia\/\"],\"url\":\"https:\/\/cxblog.com\/es\/author\/juanjofernandez\/\"}]}<\/script>\n<!-- \/ Yoast SEO Premium plugin. -->","yoast_head_json":{"title":"Nuestra raz\u00f3n de ser | CXBlog","robots":{"index":"index","follow":"follow","max-snippet":"max-snippet:-1","max-image-preview":"max-image-preview:large","max-video-preview":"max-video-preview:-1"},"canonical":"https:\/\/cxblog.com\/es\/nuestra-razon-de-ser\/","og_locale":"es_ES","og_type":"article","og_title":"Nuestra raz\u00f3n de ser","og_description":"En los tiempos que vivimos donde la tecnolog\u00eda parece el principal foco de las conversaciones, habiendo tomado un relevante protagonismo la IA generativa y todas sus aplicaciones, no debemos abandonar la raz\u00f3n de la existencia de nuestro sector, el cliente y su necesidad de relaci\u00f3n con las marcas.&nbsp; Siempre que aparece una nueva tecnolog\u00eda corremos [&hellip;]","og_url":"https:\/\/cxblog.com\/es\/nuestra-razon-de-ser\/","og_site_name":"CXBlog","article_published_time":"2024-04-29T14:00:42+00:00","article_modified_time":"2024-04-29T14:04:01+00:00","og_image":[{"width":1200,"height":630,"url":"https:\/\/cxblog.com\/wp-content\/uploads\/2024\/04\/Nuestra-0Drazon-de-ser-LK-FB.png","type":"image\/png"}],"author":"Juanjo Fern\u00e1ndez","twitter_card":"summary_large_image","twitter_image":"https:\/\/cxblog.com\/wp-content\/uploads\/2024\/04\/Nuestra-0Drazon-de-ser-Twitter.png","twitter_misc":{"Escrito por":"Juanjo Fern\u00e1ndez","Tiempo de lectura":"5 minutos"},"schema":{"@context":"https:\/\/schema.org","@graph":[{"@type":"Article","@id":"https:\/\/cxblog.com\/es\/nuestra-razon-de-ser\/#article","isPartOf":{"@id":"https:\/\/cxblog.com\/es\/nuestra-razon-de-ser\/"},"author":{"name":"Juanjo Fern\u00e1ndez","@id":"https:\/\/cxblog.com\/es\/#\/schema\/person\/946014954093be15abe27cef21c8e991"},"headline":"Nuestra raz\u00f3n de ser","datePublished":"2024-04-29T14:00:42+00:00","dateModified":"2024-04-29T14:04:01+00:00","mainEntityOfPage":{"@id":"https:\/\/cxblog.com\/es\/nuestra-razon-de-ser\/"},"wordCount":1081,"commentCount":0,"publisher":{"@id":"https:\/\/cxblog.com\/es\/#organization"},"image":{"@id":"https:\/\/cxblog.com\/es\/nuestra-razon-de-ser\/#primaryimage"},"thumbnailUrl":"https:\/\/cxblog.com\/wp-content\/uploads\/2024\/04\/people-working-in-a-call-center-2024-03-25-23-33-29-utc-scaled.jpg","articleSection":["Business","Juanjo Fern\u00e1ndez"],"inLanguage":"es","potentialAction":[{"@type":"CommentAction","name":"Comment","target":["https:\/\/cxblog.com\/es\/nuestra-razon-de-ser\/#respond"]}]},{"@type":"WebPage","@id":"https:\/\/cxblog.com\/es\/nuestra-razon-de-ser\/","url":"https:\/\/cxblog.com\/es\/nuestra-razon-de-ser\/","name":"Nuestra raz\u00f3n de ser | CXBlog","isPartOf":{"@id":"https:\/\/cxblog.com\/es\/#website"},"primaryImageOfPage":{"@id":"https:\/\/cxblog.com\/es\/nuestra-razon-de-ser\/#primaryimage"},"image":{"@id":"https:\/\/cxblog.com\/es\/nuestra-razon-de-ser\/#primaryimage"},"thumbnailUrl":"https:\/\/cxblog.com\/wp-content\/uploads\/2024\/04\/people-working-in-a-call-center-2024-03-25-23-33-29-utc-scaled.jpg","datePublished":"2024-04-29T14:00:42+00:00","dateModified":"2024-04-29T14:04:01+00:00","breadcrumb":{"@id":"https:\/\/cxblog.com\/es\/nuestra-razon-de-ser\/#breadcrumb"},"inLanguage":"es","potentialAction":[{"@type":"ReadAction","target":["https:\/\/cxblog.com\/es\/nuestra-razon-de-ser\/"]}]},{"@type":"ImageObject","inLanguage":"es","@id":"https:\/\/cxblog.com\/es\/nuestra-razon-de-ser\/#primaryimage","url":"https:\/\/cxblog.com\/wp-content\/uploads\/2024\/04\/people-working-in-a-call-center-2024-03-25-23-33-29-utc-scaled.jpg","contentUrl":"https:\/\/cxblog.com\/wp-content\/uploads\/2024\/04\/people-working-in-a-call-center-2024-03-25-23-33-29-utc-scaled.jpg","width":2560,"height":1707,"caption":"Team of successful call center employees with headsets sitting with laptops at the table and answering calls, providing assistance and support to customers in a modern office."},{"@type":"BreadcrumbList","@id":"https:\/\/cxblog.com\/es\/nuestra-razon-de-ser\/#breadcrumb","itemListElement":[{"@type":"ListItem","position":1,"name":"Home","item":"https:\/\/cxblog.com\/es\/"},{"@type":"ListItem","position":2,"name":"Nuestra raz\u00f3n de ser"}]},{"@type":"WebSite","@id":"https:\/\/cxblog.com\/es\/#website","url":"https:\/\/cxblog.com\/es\/","name":"CXBlog","description":"","publisher":{"@id":"https:\/\/cxblog.com\/es\/#organization"},"potentialAction":[{"@type":"SearchAction","target":{"@type":"EntryPoint","urlTemplate":"https:\/\/cxblog.com\/es\/?s={search_term_string}"},"query-input":{"@type":"PropertyValueSpecification","valueRequired":true,"valueName":"search_term_string"}}],"inLanguage":"es"},{"@type":"Organization","@id":"https:\/\/cxblog.com\/es\/#organization","name":"CX Blog","url":"https:\/\/cxblog.com\/es\/","logo":{"@type":"ImageObject","inLanguage":"es","@id":"https:\/\/cxblog.com\/es\/#\/schema\/logo\/image\/","url":"https:\/\/cxblog.com\/wp-content\/uploads\/2022\/01\/Logo-CXBlog-1.png","contentUrl":"https:\/\/cxblog.com\/wp-content\/uploads\/2022\/01\/Logo-CXBlog-1.png","width":201,"height":66,"caption":"CX Blog"},"image":{"@id":"https:\/\/cxblog.com\/es\/#\/schema\/logo\/image\/"}},{"@type":"Person","@id":"https:\/\/cxblog.com\/es\/#\/schema\/person\/946014954093be15abe27cef21c8e991","name":"Juanjo Fern\u00e1ndez","image":{"@type":"ImageObject","inLanguage":"es","@id":"https:\/\/cxblog.com\/es\/#\/schema\/person\/image\/","url":"https:\/\/cxblog.com\/wp-content\/uploads\/2023\/11\/Juanjo-Fernandez-96x96.jpeg","contentUrl":"https:\/\/cxblog.com\/wp-content\/uploads\/2023\/11\/Juanjo-Fernandez-96x96.jpeg","caption":"Juanjo Fern\u00e1ndez"},"description":"Desde hace 3 a\u00f1os, Juanjo ha comenzado a dise\u00f1ar su propio camino, convirti\u00e9ndose en emprendedor y consultor especializado en la transformaci\u00f3n empresarial y la relaci\u00f3n con el cliente. La dilatada experiencia en el sector de la Customer Experience, habiendo trabajado en algunas de las principales empresas del sector de Contact Center en \u00e1reas como operaciones, ventas, transformaci\u00f3n y marketing, le permiten, a trav\u00e9s de GW, la ejecuci\u00f3n de proyectos pr\u00e1cticos y con impacto para simplificar y facilitar la gesti\u00f3n del cambio. Juanjo, alterna esta actividad con una de sus pasiones, la formaci\u00f3n \/ tutorizaci\u00f3n en diversos programas en el \u00e1mbito transformaci\u00f3n digital y administraci\u00f3n de empresas.","sameAs":["https:\/\/www.linkedin.com\/in\/juanjo-fernandez-garcia\/"],"url":"https:\/\/cxblog.com\/es\/author\/juanjofernandez\/"}]}},"_links":{"self":[{"href":"https:\/\/cxblog.com\/es\/wp-json\/wp\/v2\/posts\/11441","targetHints":{"allow":["GET"]}}],"collection":[{"href":"https:\/\/cxblog.com\/es\/wp-json\/wp\/v2\/posts"}],"about":[{"href":"https:\/\/cxblog.com\/es\/wp-json\/wp\/v2\/types\/post"}],"author":[{"embeddable":true,"href":"https:\/\/cxblog.com\/es\/wp-json\/wp\/v2\/users\/214"}],"replies":[{"embeddable":true,"href":"https:\/\/cxblog.com\/es\/wp-json\/wp\/v2\/comments?post=11441"}],"version-history":[{"count":0,"href":"https:\/\/cxblog.com\/es\/wp-json\/wp\/v2\/posts\/11441\/revisions"}],"wp:featuredmedia":[{"embeddable":true,"href":"https:\/\/cxblog.com\/es\/wp-json\/wp\/v2\/media\/11446"}],"wp:attachment":[{"href":"https:\/\/cxblog.com\/es\/wp-json\/wp\/v2\/media?parent=11441"}],"wp:term":[{"taxonomy":"category","embeddable":true,"href":"https:\/\/cxblog.com\/es\/wp-json\/wp\/v2\/categories?post=11441"},{"taxonomy":"post_tag","embeddable":true,"href":"https:\/\/cxblog.com\/es\/wp-json\/wp\/v2\/tags?post=11441"}],"curies":[{"name":"wp","href":"https:\/\/api.w.org\/{rel}","templated":true}]}}