{"id":4382,"date":"2019-02-21T15:24:04","date_gmt":"2019-02-21T15:24:04","guid":{"rendered":"https:\/\/cxblog.com\/contact-centers-na-central-de-balancos-do-banco-de-portugal\/"},"modified":"2022-02-22T22:40:47","modified_gmt":"2022-02-22T22:40:47","slug":"contact-centers-na-central-de-balancos-do-banco-de-portugal","status":"publish","type":"post","link":"https:\/\/cxblog.com\/pt-pt\/contact-centers-na-central-de-balancos-do-banco-de-portugal\/","title":{"rendered":"Contact Centers na Central de Balan\u00e7os do Banco de Portugal"},"content":{"rendered":"\n<p class=\"has-text-color\" style=\"color:#f6c738\">Tema sempre presente quando analisamos a situa\u00e7\u00e3o do Setor dos Contact Centers em Portugal \u00e9 a falta de informa\u00e7\u00e3o estat\u00edstica detalhada e fi\u00e1vel. \u00c9 ali\u00e1s, uma pecha de que Portugal enferma genericamente, se tivermos em conta os tradicionais lamentos dos nossos parceiros internacionais.<\/p>\n\n\n\n<p>Com efeito, apenas o Estudo de Caracteriza\u00e7\u00e3o e Benchmarking, realizado anualmente pela APCC permite ter uma vis\u00e3o de v\u00e1rios indicadores interessantes da atividade da nossa Ind\u00fastria, suportada numa amostra que excede os 30% do universo. Decorrem j\u00e1 os trabalhos de recolha de informa\u00e7\u00e3o e na 15\u00aa Confer\u00eancia Internacional APCC teremos a apresenta\u00e7\u00e3o dos resultados relativos a 2018.<\/p>\n\n\n\n<p>Desde h\u00e1 longo tempo a APCC vinha mantendo um importante desiderato: Ver a atividade do Setor contemplada na Central de Balan\u00e7os do Banco de Portugal.<\/p>\n\n\n\n<p>Finalmente \u00e9 poss\u00edvel conseguir aceder a esta informa\u00e7\u00e3o. A Central de Balan\u00e7os do Banco de Portugal apresenta <a href=\"https:\/\/www.bportugal.pt\/QS\/qsweb\/Dashboards\">neste link<\/a>&nbsp;extensa informa\u00e7\u00e3o agregada sob a categoria \u201c82200 \u2013 Atividade dos Centros de Chamadas\u201d.<\/p>\n\n\n\n<p>Relevando o car\u00e1ter pouco abrangente da defini\u00e7\u00e3o, que refere apenas \u201cchamadas\u201d, parte ainda importante mas cada vez menos predominante da nossa atividade, podemos encontrar neste instrumento a compila\u00e7\u00e3o, pelos servi\u00e7os do Banco de Portugal, da informa\u00e7\u00e3o prestada pelas Empresas atrav\u00e9s dos seus IES e muita an\u00e1lise com indiscut\u00edvel interesse.<\/p>\n\n\n\n<p>&#8220;A op\u00e7\u00e3o pelo Outsourcing ocorre em 53% dos Contact Centers em Portugal&#8221;<\/p>\n\n\n\n<p>Claro que esta informa\u00e7\u00e3o respeita apenas a atividade das Empresas prestadoras de Servi\u00e7os de Contact Centers e n\u00e3o cont\u00e9m dados sobre as opera\u00e7\u00f5es das Empresas que se decidiram pela gest\u00e3o interna.<\/p>\n\n\n\n<p>Ainda assim, dado que a op\u00e7\u00e3o pelo Outsourcing ocorre em 53% dos Contact Centers em Portugal, ainda de acordo com o mais recente Estudo de Benchmarking da APCC, a an\u00e1lise da informa\u00e7\u00e3o disponibilizada pela Central de Balan\u00e7os do Banco de Portugal \u00e9 de indiscut\u00edvel interesse e import\u00e2ncia.<\/p>\n\n\n\n<h3 class=\"has-text-color wp-block-heading\" id=\"h-caracterizacao\" style=\"color:#f6c738\">Caracteriza\u00e7\u00e3o<\/h3>\n\n\n\n<p>Em 2017, operavam em Portugal 87 Empresas de Outsourcing, predominantemente Microempresas (63%) e com menos de 5 anos de exist\u00eancia (67%). Nesse ano constitu\u00edram-se 12 novas Empresas e 6 cessaram atividade.<\/p>\n\n\n\n<p>As 5 Empresas com mais de 20 anos no mercado asseguravam 63% da fatura\u00e7\u00e3o total e as 17 maiores foram respons\u00e1veis por 94% das vendas.<\/p>\n\n\n\n<p>Um dado revelador da crescente import\u00e2ncia do Setor para a Economia \u00e9 o contributo elevado para as Exporta\u00e7\u00f5es e peso pouco relevante das Importa\u00e7\u00f5es, quando comparados com o volume faturado em 2017.<\/p>\n\n\n\n<p>Sendo not\u00e1vel o peso maiorit\u00e1rio das Exporta\u00e7\u00f5es no total faturado em 2017 \u00e9 ainda mais significativo observar a evolu\u00e7\u00e3o destas duas componentes desde 2013, que revela um crescimento impressionante e incessante da componente Exporta\u00e7\u00e3o, quer em percentagem, desde os 22,6% do total em 2013 at\u00e9 aos 57% de 2017, quer em valor, dos 68M\u20ac para os 304M\u20ac, respetivamente. E este crescimento permitiu reduzir o impacto da redu\u00e7\u00e3o significativa na fatura\u00e7\u00e3o no mercado interno, observada em 2015.<\/p>\n\n\n\n<p>O nearshoring \u00e9, manifestamente, uma upward trend num Setor que, em termos de mercado interno, recuperava ainda em 2017 da queda significativa de 2015.<\/p>\n\n\n\n<h3 class=\"has-text-color wp-block-heading\" id=\"h-indicadores\" style=\"color:#f6c738\">Indicadores<\/h3>\n\n\n\n<p>De forma geral o Setor apresenta indicadores econ\u00f3micos e financeiros muito positivos, por influ\u00eancia das maiores Empresas e do seu peso determinante para a Ind\u00fastria.<\/p>\n\n\n\n<p>A Autonomia Financeira m\u00e9dia das Empresas era, em 2017, de 32,7% e os financiamentos obtidos representaram 13,9% dos Ativos \u2013 em ambos os casos, os melhores valores do per\u00edodo 2013\/2017. A Rentabilidade do Ativo foi de 23,1%, muito favor\u00e1vel em compara\u00e7\u00e3o com a m\u00e9dia nacional de 8,1%, consolidando todos os setores da Economia.<\/p>\n\n\n\n<p>Por outro lado, os custos de financiamento situaram-se em 5,7%. Este registo, o melhor do quinqu\u00e9nio, diverge do valor m\u00e9dio nacional que foi de 3,7%.<\/p>\n\n\n\n<p>Em 2017, o volume de fatura\u00e7\u00e3o ocorrido foi de 534,7M\u20ac, para um Resultado L\u00edquido de 36,4M\u20ac. Ambos estes indicadores registaram um crescimento superior a 30% comparativamente a 2016! O EBITDA foi de 61,9M\u20ac.<\/p>\n\n\n\n<p>A evolu\u00e7\u00e3o dos indicadores no per\u00edodo 2013\/2017 pode ser observada no quadro seguinte.<\/p>\n\n\n\n<p>A Rentabilidade do Ativo e dos Capitais Pr\u00f3prios tiveram os valores mais elevados em 2016, ano em que a Liquidez registou o seu valor mais baixo do quinqu\u00e9nio.<\/p>\n\n\n\n<p>Uma refer\u00eancia ainda aos prazos m\u00e9dios elevados, quer de pagamento (73 dias), quer de recebimento (64 dias). O Fundo de Maneio foi, em 2017, superior \u00e0s necessidades de tesouraria em 3,7M\u20ac.<\/p>\n\n\n\n<p>O Banco de Portugal indica a exist\u00eancia de algumas Empresas no Setor que apresentam fatores de risco de cr\u00e9dito, designadamente:<\/p>\n\n\n\n<ul class=\"wp-block-list\"><li>35,6% t\u00eam Capitais Pr\u00f3prios negativos;<\/li><li>32,2% apresentam EBITDA inferior a 0;<\/li><li>11,5% registam Gastos Financeiros superiores ao EBITDA;<\/li><li>34,5% t\u00eam Resultados L\u00edquidos negativos.<\/li><\/ul>\n\n\n\n<h3 class=\"has-text-color wp-block-heading\" id=\"h-comparacoes-internacionais\" style=\"color:#f6c738\">Compara\u00e7\u00f5es Internacionais<\/h3>\n\n\n\n<p>Num setor em que a componente exportadora se guindou a uma posi\u00e7\u00e3o t\u00e3o relevante e em que o nearshoring \u00e9 o resultado da permanente e rigorosa compara\u00e7\u00e3o entre as opera\u00e7\u00f5es em v\u00e1rios pa\u00edses, \u00e9 importante comparar os indicadores registados noutras economias.<\/p>\n\n\n\n<p>A Central de Balan\u00e7os do Banco de Portugal d\u00e1 a informa\u00e7\u00e3o de 2016 de alguns pa\u00edses europeus.<\/p>\n\n\n\n<p>A Autonomia Financeira em Portugal (33,5%) era mais elevada que a registada em Fran\u00e7a (19,9%) e na It\u00e1lia (32,4%), mas menor que a verificada na Pol\u00f3nia (36,9%) e muito menor que a apresentada pela Espanha (56,5%).<\/p>\n\n\n\n<p>&#8220;Portugal apresenta os valores mais elevados que todos os restantes no r\u00e1cio Margem L\u00edquida\/Vendas e EBITDA\/Vendas.&#8221;<\/p>\n\n\n\n<p>Id\u00eantica situa\u00e7\u00e3o ocorre na compara\u00e7\u00e3o entre as Margens Brutas\/Vendas, mas Portugal apresenta os valores mais elevados que todos os restantes no r\u00e1cio Margem L\u00edquida\/Vendas e EBITDA\/Vendas.<\/p>\n\n\n\n<p>Na Rentabilidade dos Capitais Pr\u00f3prios, apenas a Fran\u00e7a tem registo um pouco superior ao verificado em Portugal.<\/p>\n\n\n\n<h3 class=\"has-text-color wp-block-heading\" id=\"h-conclusao\" style=\"color:#f6c738\">Conclus\u00e3o<\/h3>\n\n\n\n<p>O Setor tem \u00e0 sua disposi\u00e7\u00e3o esta importante ferramenta disponibilizada pela Central de Balan\u00e7os do Banco de Portugal, que esperamos venha a merecer a aten\u00e7\u00e3o e an\u00e1lise dos v\u00e1rios agentes importantes para a nossa Ind\u00fastria, quer internos, quer externos. Alguns dos dados apresentados n\u00e3o permitem ignorar por mais tempo a import\u00e2ncia dos Contact Centers para o Pa\u00eds.<\/p>\n\n\n\n<p>Aguardemos, com interesse, os dados de 2018, dispon\u00edveis assim que esteja tratada a informa\u00e7\u00e3o apresentada nos IES desse exerc\u00edcio.<\/p>\n","protected":false},"excerpt":{"rendered":"<p>Tema sempre presente quando analisamos a situa\u00e7\u00e3o do Setor dos Contact Centers em Portugal \u00e9 a falta de informa\u00e7\u00e3o estat\u00edstica detalhada e fi\u00e1vel. \u00c9 ali\u00e1s, uma pecha de que Portugal enferma genericamente, se tivermos em conta os tradicionais lamentos dos nossos parceiros internacionais. Com efeito, apenas o Estudo de Caracteriza\u00e7\u00e3o e Benchmarking, realizado anualmente pela [&hellip;]<\/p>\n","protected":false},"author":17,"featured_media":4481,"comment_status":"open","ping_status":"open","sticky":false,"template":"","format":"standard","meta":{"_acf_changed":false,"ocean_post_layout":"","ocean_both_sidebars_style":"","ocean_both_sidebars_content_width":0,"ocean_both_sidebars_sidebars_width":0,"ocean_sidebar":"0","ocean_second_sidebar":"0","ocean_disable_margins":"enable","ocean_add_body_class":"","ocean_shortcode_before_top_bar":"","ocean_shortcode_after_top_bar":"","ocean_shortcode_before_header":"","ocean_shortcode_after_header":"","ocean_has_shortcode":"","ocean_shortcode_after_title":"","ocean_shortcode_before_footer_widgets":"","ocean_shortcode_after_footer_widgets":"","ocean_shortcode_before_footer_bottom":"","ocean_shortcode_after_footer_bottom":"","ocean_display_top_bar":"default","ocean_display_header":"default","ocean_header_style":"","ocean_center_header_left_menu":"0","ocean_custom_header_template":"0","ocean_custom_logo":0,"ocean_custom_retina_logo":0,"ocean_custom_logo_max_width":0,"ocean_custom_logo_tablet_max_width":0,"ocean_custom_logo_mobile_max_width":0,"ocean_custom_logo_max_height":0,"ocean_custom_logo_tablet_max_height":0,"ocean_custom_logo_mobile_max_height":0,"ocean_header_custom_menu":"0","ocean_menu_typo_font_family":"0","ocean_menu_typo_font_subset":"","ocean_menu_typo_font_size":0,"ocean_menu_typo_font_size_tablet":0,"ocean_menu_typo_font_size_mobile":0,"ocean_menu_typo_font_size_unit":"px","ocean_menu_typo_font_weight":"","ocean_menu_typo_font_weight_tablet":"","ocean_menu_typo_font_weight_mobile":"","ocean_menu_typo_transform":"","ocean_menu_typo_transform_tablet":"","ocean_menu_typo_transform_mobile":"","ocean_menu_typo_line_height":0,"ocean_menu_typo_line_height_tablet":0,"ocean_menu_typo_line_height_mobile":0,"ocean_menu_typo_line_height_unit":"","ocean_menu_typo_spacing":0,"ocean_menu_typo_spacing_tablet":0,"ocean_menu_typo_spacing_mobile":0,"ocean_menu_typo_spacing_unit":"","ocean_menu_link_color":"","ocean_menu_link_color_hover":"","ocean_menu_link_color_active":"","ocean_menu_link_background":"","ocean_menu_link_hover_background":"","ocean_menu_link_active_background":"","ocean_menu_social_links_bg":"","ocean_menu_social_hover_links_bg":"","ocean_menu_social_links_color":"","ocean_menu_social_hover_links_color":"","ocean_disable_title":"default","ocean_disable_heading":"default","ocean_post_title":"","ocean_post_subheading":"","ocean_post_title_style":"","ocean_post_title_background_color":"","ocean_post_title_background":0,"ocean_post_title_bg_image_position":"","ocean_post_title_bg_image_attachment":"","ocean_post_title_bg_image_repeat":"","ocean_post_title_bg_image_size":"","ocean_post_title_height":0,"ocean_post_title_bg_overlay":0.5,"ocean_post_title_bg_overlay_color":"","ocean_disable_breadcrumbs":"default","ocean_breadcrumbs_color":"","ocean_breadcrumbs_separator_color":"","ocean_breadcrumbs_links_color":"","ocean_breadcrumbs_links_hover_color":"","ocean_display_footer_widgets":"default","ocean_display_footer_bottom":"default","ocean_custom_footer_template":"0","ocean_post_oembed":"","ocean_post_self_hosted_media":"","ocean_post_video_embed":"","ocean_link_format":"","ocean_link_format_target":"self","ocean_quote_format":"","ocean_quote_format_link":"post","ocean_gallery_link_images":"off","ocean_gallery_id":[],"footnotes":""},"categories":[71,98],"tags":[],"class_list":["post-4382","post","type-post","status-publish","format-standard","has-post-thumbnail","hentry","category-contact-center-pt-pt","category-jorge-pires-pt-pt","entry","has-media"],"acf":[],"yoast_head":"<!-- This site is optimized with the Yoast SEO Premium plugin v19.4 (Yoast SEO v26.7) - https:\/\/yoast.com\/wordpress\/plugins\/seo\/ -->\n<title>Contact Centers na Central de Balan\u00e7os do Banco de Portugal | CXBlog<\/title>\n<meta name=\"robots\" content=\"index, follow, max-snippet:-1, max-image-preview:large, max-video-preview:-1\" \/>\n<link rel=\"canonical\" href=\"https:\/\/cxblog.com\/pt-pt\/contact-centers-na-central-de-balancos-do-banco-de-portugal\/\" \/>\n<meta property=\"og:locale\" content=\"pt_PT\" \/>\n<meta property=\"og:type\" content=\"article\" \/>\n<meta property=\"og:title\" content=\"Contact Centers na Central de Balan\u00e7os do Banco de Portugal\" \/>\n<meta property=\"og:description\" content=\"Tema sempre presente quando analisamos a situa\u00e7\u00e3o do Setor dos Contact Centers em Portugal \u00e9 a falta de informa\u00e7\u00e3o estat\u00edstica detalhada e fi\u00e1vel. \u00c9 ali\u00e1s, uma pecha de que Portugal enferma genericamente, se tivermos em conta os tradicionais lamentos dos nossos parceiros internacionais. Com efeito, apenas o Estudo de Caracteriza\u00e7\u00e3o e Benchmarking, realizado anualmente pela [&hellip;]\" \/>\n<meta property=\"og:url\" content=\"https:\/\/cxblog.com\/pt-pt\/contact-centers-na-central-de-balancos-do-banco-de-portugal\/\" \/>\n<meta property=\"og:site_name\" content=\"CXBlog\" \/>\n<meta property=\"article:published_time\" content=\"2019-02-21T15:24:04+00:00\" \/>\n<meta property=\"article:modified_time\" content=\"2022-02-22T22:40:47+00:00\" \/>\n<meta property=\"og:image\" content=\"https:\/\/cxblog.com\/wp-content\/uploads\/2019\/02\/contact-centers-na-central-de-balancos-do-banco-de-portugal.jpg\" \/>\n\t<meta property=\"og:image:width\" content=\"800\" \/>\n\t<meta property=\"og:image:height\" content=\"535\" \/>\n\t<meta property=\"og:image:type\" content=\"image\/jpeg\" \/>\n<meta name=\"author\" content=\"Jorge Pires\" \/>\n<meta name=\"twitter:card\" content=\"summary_large_image\" \/>\n<meta name=\"twitter:label1\" content=\"Escrito por\" \/>\n\t<meta name=\"twitter:data1\" content=\"Jorge Pires\" \/>\n\t<meta name=\"twitter:label2\" content=\"Tempo estimado de leitura\" \/>\n\t<meta name=\"twitter:data2\" content=\"5 minutos\" \/>\n<script type=\"application\/ld+json\" class=\"yoast-schema-graph\">{\"@context\":\"https:\/\/schema.org\",\"@graph\":[{\"@type\":\"Article\",\"@id\":\"https:\/\/cxblog.com\/pt-pt\/contact-centers-na-central-de-balancos-do-banco-de-portugal\/#article\",\"isPartOf\":{\"@id\":\"https:\/\/cxblog.com\/pt-pt\/contact-centers-na-central-de-balancos-do-banco-de-portugal\/\"},\"author\":{\"name\":\"Jorge Pires\",\"@id\":\"https:\/\/cxblog.com\/pt-pt\/#\/schema\/person\/e7f0cdcee81ad26e1787afbdba1ed048\"},\"headline\":\"Contact Centers na Central de Balan\u00e7os do Banco de Portugal\",\"datePublished\":\"2019-02-21T15:24:04+00:00\",\"dateModified\":\"2022-02-22T22:40:47+00:00\",\"mainEntityOfPage\":{\"@id\":\"https:\/\/cxblog.com\/pt-pt\/contact-centers-na-central-de-balancos-do-banco-de-portugal\/\"},\"wordCount\":1030,\"commentCount\":0,\"publisher\":{\"@id\":\"https:\/\/cxblog.com\/pt-pt\/#organization\"},\"image\":{\"@id\":\"https:\/\/cxblog.com\/pt-pt\/contact-centers-na-central-de-balancos-do-banco-de-portugal\/#primaryimage\"},\"thumbnailUrl\":\"https:\/\/cxblog.com\/wp-content\/uploads\/2019\/02\/contact-centers-na-central-de-balancos-do-banco-de-portugal.jpg\",\"articleSection\":[\"Contact Center\",\"Jorge Pires\"],\"inLanguage\":\"pt-PT\",\"potentialAction\":[{\"@type\":\"CommentAction\",\"name\":\"Comment\",\"target\":[\"https:\/\/cxblog.com\/pt-pt\/contact-centers-na-central-de-balancos-do-banco-de-portugal\/#respond\"]}]},{\"@type\":\"WebPage\",\"@id\":\"https:\/\/cxblog.com\/pt-pt\/contact-centers-na-central-de-balancos-do-banco-de-portugal\/\",\"url\":\"https:\/\/cxblog.com\/pt-pt\/contact-centers-na-central-de-balancos-do-banco-de-portugal\/\",\"name\":\"Contact Centers na Central de Balan\u00e7os do Banco de Portugal | CXBlog\",\"isPartOf\":{\"@id\":\"https:\/\/cxblog.com\/pt-pt\/#website\"},\"primaryImageOfPage\":{\"@id\":\"https:\/\/cxblog.com\/pt-pt\/contact-centers-na-central-de-balancos-do-banco-de-portugal\/#primaryimage\"},\"image\":{\"@id\":\"https:\/\/cxblog.com\/pt-pt\/contact-centers-na-central-de-balancos-do-banco-de-portugal\/#primaryimage\"},\"thumbnailUrl\":\"https:\/\/cxblog.com\/wp-content\/uploads\/2019\/02\/contact-centers-na-central-de-balancos-do-banco-de-portugal.jpg\",\"datePublished\":\"2019-02-21T15:24:04+00:00\",\"dateModified\":\"2022-02-22T22:40:47+00:00\",\"breadcrumb\":{\"@id\":\"https:\/\/cxblog.com\/pt-pt\/contact-centers-na-central-de-balancos-do-banco-de-portugal\/#breadcrumb\"},\"inLanguage\":\"pt-PT\",\"potentialAction\":[{\"@type\":\"ReadAction\",\"target\":[\"https:\/\/cxblog.com\/pt-pt\/contact-centers-na-central-de-balancos-do-banco-de-portugal\/\"]}]},{\"@type\":\"ImageObject\",\"inLanguage\":\"pt-PT\",\"@id\":\"https:\/\/cxblog.com\/pt-pt\/contact-centers-na-central-de-balancos-do-banco-de-portugal\/#primaryimage\",\"url\":\"https:\/\/cxblog.com\/wp-content\/uploads\/2019\/02\/contact-centers-na-central-de-balancos-do-banco-de-portugal.jpg\",\"contentUrl\":\"https:\/\/cxblog.com\/wp-content\/uploads\/2019\/02\/contact-centers-na-central-de-balancos-do-banco-de-portugal.jpg\",\"width\":800,\"height\":535,\"caption\":\"Imagem Destaque\"},{\"@type\":\"BreadcrumbList\",\"@id\":\"https:\/\/cxblog.com\/pt-pt\/contact-centers-na-central-de-balancos-do-banco-de-portugal\/#breadcrumb\",\"itemListElement\":[{\"@type\":\"ListItem\",\"position\":1,\"name\":\"Home\",\"item\":\"https:\/\/cxblog.com\/pt-pt\/\"},{\"@type\":\"ListItem\",\"position\":2,\"name\":\"Contact Centers na Central de Balan\u00e7os do Banco de Portugal\"}]},{\"@type\":\"WebSite\",\"@id\":\"https:\/\/cxblog.com\/pt-pt\/#website\",\"url\":\"https:\/\/cxblog.com\/pt-pt\/\",\"name\":\"CXBlog\",\"description\":\"\",\"publisher\":{\"@id\":\"https:\/\/cxblog.com\/pt-pt\/#organization\"},\"potentialAction\":[{\"@type\":\"SearchAction\",\"target\":{\"@type\":\"EntryPoint\",\"urlTemplate\":\"https:\/\/cxblog.com\/pt-pt\/?s={search_term_string}\"},\"query-input\":{\"@type\":\"PropertyValueSpecification\",\"valueRequired\":true,\"valueName\":\"search_term_string\"}}],\"inLanguage\":\"pt-PT\"},{\"@type\":\"Organization\",\"@id\":\"https:\/\/cxblog.com\/pt-pt\/#organization\",\"name\":\"CX Blog\",\"url\":\"https:\/\/cxblog.com\/pt-pt\/\",\"logo\":{\"@type\":\"ImageObject\",\"inLanguage\":\"pt-PT\",\"@id\":\"https:\/\/cxblog.com\/pt-pt\/#\/schema\/logo\/image\/\",\"url\":\"https:\/\/cxblog.com\/wp-content\/uploads\/2022\/01\/Logo-CXBlog-1.png\",\"contentUrl\":\"https:\/\/cxblog.com\/wp-content\/uploads\/2022\/01\/Logo-CXBlog-1.png\",\"width\":201,\"height\":66,\"caption\":\"CX Blog\"},\"image\":{\"@id\":\"https:\/\/cxblog.com\/pt-pt\/#\/schema\/logo\/image\/\"}},{\"@type\":\"Person\",\"@id\":\"https:\/\/cxblog.com\/pt-pt\/#\/schema\/person\/e7f0cdcee81ad26e1787afbdba1ed048\",\"name\":\"Jorge Pires\",\"image\":{\"@type\":\"ImageObject\",\"inLanguage\":\"pt-PT\",\"@id\":\"https:\/\/cxblog.com\/pt-pt\/#\/schema\/person\/image\/\",\"url\":\"https:\/\/cxblog.com\/wp-content\/uploads\/2022\/02\/Jorge-pires-96x96.png\",\"contentUrl\":\"https:\/\/cxblog.com\/wp-content\/uploads\/2022\/02\/Jorge-pires-96x96.png\",\"caption\":\"Jorge Pires\"},\"description\":\"Diretor da CCP @ Confedera\u00e7\u00e3o do Com\u00e9rcio e Servi\u00e7os - Economista, natural de Lisboa. Experi\u00eancia profissional de 40 anos nas \u00e1reas de Consultoria, Auditoria e Gest\u00e3o de Empresas e Projetos. Liga\u00e7\u00e3o ao setor dos Contact Centers desde 1996, foi respons\u00e1vel pela gest\u00e3o operacional de grandes projetos nas \u00e1reas de Telecomunica\u00e7\u00f5es, Seguros e Servi\u00e7os P\u00fablicos em Lisboa, Porto, \u00c9vora e Castelo branco. Desde dezembro de 2015 Secret\u00e1rio Geral da APCC \u2013 Associa\u00e7\u00e3o Portuguesa de Contact Centers e atualmente Diretor da CCP \u2013 Confedera\u00e7\u00e3o do Com\u00e9rcio e Servi\u00e7os. Foi com o maior agrado que aceitei o convite para participar neste blog que espero se constitua como um marco na valoriza\u00e7\u00e3o e dignifica\u00e7\u00e3o de uma atividade de interesse relevante para a economia nacional.\",\"url\":\"https:\/\/cxblog.com\/pt-pt\/author\/jorgepires\/\"}]}<\/script>\n<!-- \/ Yoast SEO Premium plugin. -->","yoast_head_json":{"title":"Contact Centers na Central de Balan\u00e7os do Banco de Portugal | CXBlog","robots":{"index":"index","follow":"follow","max-snippet":"max-snippet:-1","max-image-preview":"max-image-preview:large","max-video-preview":"max-video-preview:-1"},"canonical":"https:\/\/cxblog.com\/pt-pt\/contact-centers-na-central-de-balancos-do-banco-de-portugal\/","og_locale":"pt_PT","og_type":"article","og_title":"Contact Centers na Central de Balan\u00e7os do Banco de Portugal","og_description":"Tema sempre presente quando analisamos a situa\u00e7\u00e3o do Setor dos Contact Centers em Portugal \u00e9 a falta de informa\u00e7\u00e3o estat\u00edstica detalhada e fi\u00e1vel. \u00c9 ali\u00e1s, uma pecha de que Portugal enferma genericamente, se tivermos em conta os tradicionais lamentos dos nossos parceiros internacionais. Com efeito, apenas o Estudo de Caracteriza\u00e7\u00e3o e Benchmarking, realizado anualmente pela [&hellip;]","og_url":"https:\/\/cxblog.com\/pt-pt\/contact-centers-na-central-de-balancos-do-banco-de-portugal\/","og_site_name":"CXBlog","article_published_time":"2019-02-21T15:24:04+00:00","article_modified_time":"2022-02-22T22:40:47+00:00","og_image":[{"width":800,"height":535,"url":"https:\/\/cxblog.com\/wp-content\/uploads\/2019\/02\/contact-centers-na-central-de-balancos-do-banco-de-portugal.jpg","type":"image\/jpeg"}],"author":"Jorge Pires","twitter_card":"summary_large_image","twitter_misc":{"Escrito por":"Jorge Pires","Tempo estimado de leitura":"5 minutos"},"schema":{"@context":"https:\/\/schema.org","@graph":[{"@type":"Article","@id":"https:\/\/cxblog.com\/pt-pt\/contact-centers-na-central-de-balancos-do-banco-de-portugal\/#article","isPartOf":{"@id":"https:\/\/cxblog.com\/pt-pt\/contact-centers-na-central-de-balancos-do-banco-de-portugal\/"},"author":{"name":"Jorge Pires","@id":"https:\/\/cxblog.com\/pt-pt\/#\/schema\/person\/e7f0cdcee81ad26e1787afbdba1ed048"},"headline":"Contact Centers na Central de Balan\u00e7os do Banco de Portugal","datePublished":"2019-02-21T15:24:04+00:00","dateModified":"2022-02-22T22:40:47+00:00","mainEntityOfPage":{"@id":"https:\/\/cxblog.com\/pt-pt\/contact-centers-na-central-de-balancos-do-banco-de-portugal\/"},"wordCount":1030,"commentCount":0,"publisher":{"@id":"https:\/\/cxblog.com\/pt-pt\/#organization"},"image":{"@id":"https:\/\/cxblog.com\/pt-pt\/contact-centers-na-central-de-balancos-do-banco-de-portugal\/#primaryimage"},"thumbnailUrl":"https:\/\/cxblog.com\/wp-content\/uploads\/2019\/02\/contact-centers-na-central-de-balancos-do-banco-de-portugal.jpg","articleSection":["Contact Center","Jorge Pires"],"inLanguage":"pt-PT","potentialAction":[{"@type":"CommentAction","name":"Comment","target":["https:\/\/cxblog.com\/pt-pt\/contact-centers-na-central-de-balancos-do-banco-de-portugal\/#respond"]}]},{"@type":"WebPage","@id":"https:\/\/cxblog.com\/pt-pt\/contact-centers-na-central-de-balancos-do-banco-de-portugal\/","url":"https:\/\/cxblog.com\/pt-pt\/contact-centers-na-central-de-balancos-do-banco-de-portugal\/","name":"Contact Centers na Central de Balan\u00e7os do Banco de Portugal | CXBlog","isPartOf":{"@id":"https:\/\/cxblog.com\/pt-pt\/#website"},"primaryImageOfPage":{"@id":"https:\/\/cxblog.com\/pt-pt\/contact-centers-na-central-de-balancos-do-banco-de-portugal\/#primaryimage"},"image":{"@id":"https:\/\/cxblog.com\/pt-pt\/contact-centers-na-central-de-balancos-do-banco-de-portugal\/#primaryimage"},"thumbnailUrl":"https:\/\/cxblog.com\/wp-content\/uploads\/2019\/02\/contact-centers-na-central-de-balancos-do-banco-de-portugal.jpg","datePublished":"2019-02-21T15:24:04+00:00","dateModified":"2022-02-22T22:40:47+00:00","breadcrumb":{"@id":"https:\/\/cxblog.com\/pt-pt\/contact-centers-na-central-de-balancos-do-banco-de-portugal\/#breadcrumb"},"inLanguage":"pt-PT","potentialAction":[{"@type":"ReadAction","target":["https:\/\/cxblog.com\/pt-pt\/contact-centers-na-central-de-balancos-do-banco-de-portugal\/"]}]},{"@type":"ImageObject","inLanguage":"pt-PT","@id":"https:\/\/cxblog.com\/pt-pt\/contact-centers-na-central-de-balancos-do-banco-de-portugal\/#primaryimage","url":"https:\/\/cxblog.com\/wp-content\/uploads\/2019\/02\/contact-centers-na-central-de-balancos-do-banco-de-portugal.jpg","contentUrl":"https:\/\/cxblog.com\/wp-content\/uploads\/2019\/02\/contact-centers-na-central-de-balancos-do-banco-de-portugal.jpg","width":800,"height":535,"caption":"Imagem Destaque"},{"@type":"BreadcrumbList","@id":"https:\/\/cxblog.com\/pt-pt\/contact-centers-na-central-de-balancos-do-banco-de-portugal\/#breadcrumb","itemListElement":[{"@type":"ListItem","position":1,"name":"Home","item":"https:\/\/cxblog.com\/pt-pt\/"},{"@type":"ListItem","position":2,"name":"Contact Centers na Central de Balan\u00e7os do Banco de Portugal"}]},{"@type":"WebSite","@id":"https:\/\/cxblog.com\/pt-pt\/#website","url":"https:\/\/cxblog.com\/pt-pt\/","name":"CXBlog","description":"","publisher":{"@id":"https:\/\/cxblog.com\/pt-pt\/#organization"},"potentialAction":[{"@type":"SearchAction","target":{"@type":"EntryPoint","urlTemplate":"https:\/\/cxblog.com\/pt-pt\/?s={search_term_string}"},"query-input":{"@type":"PropertyValueSpecification","valueRequired":true,"valueName":"search_term_string"}}],"inLanguage":"pt-PT"},{"@type":"Organization","@id":"https:\/\/cxblog.com\/pt-pt\/#organization","name":"CX Blog","url":"https:\/\/cxblog.com\/pt-pt\/","logo":{"@type":"ImageObject","inLanguage":"pt-PT","@id":"https:\/\/cxblog.com\/pt-pt\/#\/schema\/logo\/image\/","url":"https:\/\/cxblog.com\/wp-content\/uploads\/2022\/01\/Logo-CXBlog-1.png","contentUrl":"https:\/\/cxblog.com\/wp-content\/uploads\/2022\/01\/Logo-CXBlog-1.png","width":201,"height":66,"caption":"CX Blog"},"image":{"@id":"https:\/\/cxblog.com\/pt-pt\/#\/schema\/logo\/image\/"}},{"@type":"Person","@id":"https:\/\/cxblog.com\/pt-pt\/#\/schema\/person\/e7f0cdcee81ad26e1787afbdba1ed048","name":"Jorge Pires","image":{"@type":"ImageObject","inLanguage":"pt-PT","@id":"https:\/\/cxblog.com\/pt-pt\/#\/schema\/person\/image\/","url":"https:\/\/cxblog.com\/wp-content\/uploads\/2022\/02\/Jorge-pires-96x96.png","contentUrl":"https:\/\/cxblog.com\/wp-content\/uploads\/2022\/02\/Jorge-pires-96x96.png","caption":"Jorge Pires"},"description":"Diretor da CCP @ Confedera\u00e7\u00e3o do Com\u00e9rcio e Servi\u00e7os - Economista, natural de Lisboa. Experi\u00eancia profissional de 40 anos nas \u00e1reas de Consultoria, Auditoria e Gest\u00e3o de Empresas e Projetos. Liga\u00e7\u00e3o ao setor dos Contact Centers desde 1996, foi respons\u00e1vel pela gest\u00e3o operacional de grandes projetos nas \u00e1reas de Telecomunica\u00e7\u00f5es, Seguros e Servi\u00e7os P\u00fablicos em Lisboa, Porto, \u00c9vora e Castelo branco. Desde dezembro de 2015 Secret\u00e1rio Geral da APCC \u2013 Associa\u00e7\u00e3o Portuguesa de Contact Centers e atualmente Diretor da CCP \u2013 Confedera\u00e7\u00e3o do Com\u00e9rcio e Servi\u00e7os. Foi com o maior agrado que aceitei o convite para participar neste blog que espero se constitua como um marco na valoriza\u00e7\u00e3o e dignifica\u00e7\u00e3o de uma atividade de interesse relevante para a economia nacional.","url":"https:\/\/cxblog.com\/pt-pt\/author\/jorgepires\/"}]}},"_links":{"self":[{"href":"https:\/\/cxblog.com\/pt-pt\/wp-json\/wp\/v2\/posts\/4382","targetHints":{"allow":["GET"]}}],"collection":[{"href":"https:\/\/cxblog.com\/pt-pt\/wp-json\/wp\/v2\/posts"}],"about":[{"href":"https:\/\/cxblog.com\/pt-pt\/wp-json\/wp\/v2\/types\/post"}],"author":[{"embeddable":true,"href":"https:\/\/cxblog.com\/pt-pt\/wp-json\/wp\/v2\/users\/17"}],"replies":[{"embeddable":true,"href":"https:\/\/cxblog.com\/pt-pt\/wp-json\/wp\/v2\/comments?post=4382"}],"version-history":[{"count":0,"href":"https:\/\/cxblog.com\/pt-pt\/wp-json\/wp\/v2\/posts\/4382\/revisions"}],"wp:featuredmedia":[{"embeddable":true,"href":"https:\/\/cxblog.com\/pt-pt\/wp-json\/wp\/v2\/media\/4481"}],"wp:attachment":[{"href":"https:\/\/cxblog.com\/pt-pt\/wp-json\/wp\/v2\/media?parent=4382"}],"wp:term":[{"taxonomy":"category","embeddable":true,"href":"https:\/\/cxblog.com\/pt-pt\/wp-json\/wp\/v2\/categories?post=4382"},{"taxonomy":"post_tag","embeddable":true,"href":"https:\/\/cxblog.com\/pt-pt\/wp-json\/wp\/v2\/tags?post=4382"}],"curies":[{"name":"wp","href":"https:\/\/api.w.org\/{rel}","templated":true}]}}